{"id":8633,"date":"2026-06-08T19:17:11","date_gmt":"2026-06-09T00:17:11","guid":{"rendered":"https:\/\/faeac.org.br\/site\/?p=8633"},"modified":"2026-06-08T19:17:13","modified_gmt":"2026-06-09T00:17:13","slug":"forum-tecnico-de-graos-destaca-potencial-decrescimento-do-setor-em-placido-de-castro","status":"publish","type":"post","link":"https:\/\/faeac.org.br\/site\/forum-tecnico-de-graos-destaca-potencial-decrescimento-do-setor-em-placido-de-castro\/","title":{"rendered":"F\u00f3rum T\u00e9cnico de Gr\u00e3os destaca potencial decrescimento do setor em Pl\u00e1cido de Castro"},"content":{"rendered":"<div class=\"wp-block-image\">\n<figure class=\"aligncenter size-large\"><img fetchpriority=\"high\" decoding=\"async\" width=\"1024\" height=\"683\" src=\"https:\/\/faeac.org.br\/site\/wp-content\/uploads\/2026\/06\/FOTO_OFICIAL1-1024x683.jpg\" alt=\"\" class=\"wp-image-8634\" srcset=\"https:\/\/faeac.org.br\/site\/wp-content\/uploads\/2026\/06\/FOTO_OFICIAL1-1024x683.jpg 1024w, https:\/\/faeac.org.br\/site\/wp-content\/uploads\/2026\/06\/FOTO_OFICIAL1-300x200.jpg 300w, https:\/\/faeac.org.br\/site\/wp-content\/uploads\/2026\/06\/FOTO_OFICIAL1-768x512.jpg 768w, https:\/\/faeac.org.br\/site\/wp-content\/uploads\/2026\/06\/FOTO_OFICIAL1-1536x1024.jpg 1536w, https:\/\/faeac.org.br\/site\/wp-content\/uploads\/2026\/06\/FOTO_OFICIAL1-2048x1365.jpg 2048w, https:\/\/faeac.org.br\/site\/wp-content\/uploads\/2026\/06\/FOTO_OFICIAL1-600x400.jpg 600w, https:\/\/faeac.org.br\/site\/wp-content\/uploads\/2026\/06\/FOTO_OFICIAL1-560x373.jpg 560w\" sizes=\"(max-width: 1024px) 100vw, 1024px\" \/><\/figure>\n<\/div>\n\n\n<p class=\"has-black-color has-text-color has-link-color wp-elements-1 wp-block-paragraph\">A safra 2026 entrou para a hist\u00f3ria de Pl\u00e1cido de Castro. Somente a agricultura familiar alcan\u00e7ou a marca de 12 mil sacas de milho colhidas e armazenadas, enquanto os m\u00e9dios produtores registraram uma produ\u00e7\u00e3o de 32 mil sacas. Os n\u00fameros foram apresentados durante o I F\u00f3rum T\u00e9cnico de Gr\u00e3os, realizado pela FAEAC, SENAR &#8211; AC e Sindicato Rural de Pl\u00e1cido de Castro, e refor\u00e7am o potencial de crescimento da cadeia produtiva no munic\u00edpio e em todo o Acre.<\/p>\n\n\n<div class=\"wp-block-image\">\n<figure class=\"aligncenter size-large\"><img decoding=\"async\" width=\"1024\" height=\"683\" src=\"https:\/\/faeac.org.br\/site\/wp-content\/uploads\/2026\/06\/FORUM1-1024x683.jpg\" alt=\"\" class=\"wp-image-8635\" srcset=\"https:\/\/faeac.org.br\/site\/wp-content\/uploads\/2026\/06\/FORUM1-1024x683.jpg 1024w, https:\/\/faeac.org.br\/site\/wp-content\/uploads\/2026\/06\/FORUM1-300x200.jpg 300w, https:\/\/faeac.org.br\/site\/wp-content\/uploads\/2026\/06\/FORUM1-768x512.jpg 768w, https:\/\/faeac.org.br\/site\/wp-content\/uploads\/2026\/06\/FORUM1-1536x1024.jpg 1536w, https:\/\/faeac.org.br\/site\/wp-content\/uploads\/2026\/06\/FORUM1-2048x1365.jpg 2048w, https:\/\/faeac.org.br\/site\/wp-content\/uploads\/2026\/06\/FORUM1-600x400.jpg 600w, https:\/\/faeac.org.br\/site\/wp-content\/uploads\/2026\/06\/FORUM1-560x373.jpg 560w\" sizes=\"(max-width: 1024px) 100vw, 1024px\" \/><\/figure>\n<\/div>\n\n\n<p class=\"has-black-color has-text-color has-link-color wp-elements-2 wp-block-paragraph\">Com apoio do Sebrae, Seagri, Cageacre, Prefeitura de Pl\u00e1cido de Castro, Embrapa e Escola Rural do munic\u00edpio, o evento reuniu produtores rurais, t\u00e9cnicos, pesquisadores, lideran\u00e7as do setor e representantes de institui\u00e7\u00f5es parceiras para debater desafios, oportunidades e estrat\u00e9gias voltadas ao fortalecimento da produ\u00e7\u00e3o de gr\u00e3os.<\/p>\n\n\n<div class=\"wp-block-image\">\n<figure class=\"aligncenter size-large\"><img decoding=\"async\" width=\"1024\" height=\"683\" src=\"https:\/\/faeac.org.br\/site\/wp-content\/uploads\/2026\/06\/FORUM3-1024x683.jpg\" alt=\"\" class=\"wp-image-8636\" srcset=\"https:\/\/faeac.org.br\/site\/wp-content\/uploads\/2026\/06\/FORUM3-1024x683.jpg 1024w, https:\/\/faeac.org.br\/site\/wp-content\/uploads\/2026\/06\/FORUM3-300x200.jpg 300w, https:\/\/faeac.org.br\/site\/wp-content\/uploads\/2026\/06\/FORUM3-768x512.jpg 768w, https:\/\/faeac.org.br\/site\/wp-content\/uploads\/2026\/06\/FORUM3-1536x1024.jpg 1536w, https:\/\/faeac.org.br\/site\/wp-content\/uploads\/2026\/06\/FORUM3-2048x1365.jpg 2048w, https:\/\/faeac.org.br\/site\/wp-content\/uploads\/2026\/06\/FORUM3-600x400.jpg 600w, https:\/\/faeac.org.br\/site\/wp-content\/uploads\/2026\/06\/FORUM3-560x373.jpg 560w\" sizes=\"(max-width: 1024px) 100vw, 1024px\" \/><\/figure>\n<\/div>\n\n\n<p class=\"has-black-color has-text-color has-link-color wp-elements-3 wp-block-paragraph\">Participaram da programa\u00e7\u00e3o o presidente da FAEAC, Assuero Veronez, o superintendente do SENAR &#8211; AC, Mauro Marcello, e o presidente do Sindicato Rural de Pl\u00e1cido de Castro, Herycson William, acompanhados de suas equipes.<\/p>\n\n\n<div class=\"wp-block-image\">\n<figure class=\"aligncenter size-large\"><img loading=\"lazy\" decoding=\"async\" width=\"1024\" height=\"683\" src=\"https:\/\/faeac.org.br\/site\/wp-content\/uploads\/2026\/06\/HERYCSON1-1024x683.jpg\" alt=\"\" class=\"wp-image-8637\" srcset=\"https:\/\/faeac.org.br\/site\/wp-content\/uploads\/2026\/06\/HERYCSON1-1024x683.jpg 1024w, https:\/\/faeac.org.br\/site\/wp-content\/uploads\/2026\/06\/HERYCSON1-300x200.jpg 300w, https:\/\/faeac.org.br\/site\/wp-content\/uploads\/2026\/06\/HERYCSON1-768x512.jpg 768w, https:\/\/faeac.org.br\/site\/wp-content\/uploads\/2026\/06\/HERYCSON1-1536x1024.jpg 1536w, https:\/\/faeac.org.br\/site\/wp-content\/uploads\/2026\/06\/HERYCSON1-2048x1365.jpg 2048w, https:\/\/faeac.org.br\/site\/wp-content\/uploads\/2026\/06\/HERYCSON1-600x400.jpg 600w, https:\/\/faeac.org.br\/site\/wp-content\/uploads\/2026\/06\/HERYCSON1-560x373.jpg 560w\" sizes=\"(max-width: 1024px) 100vw, 1024px\" \/><\/figure>\n<\/div>\n\n\n<p class=\"has-black-color has-text-color has-link-color wp-elements-4 wp-block-paragraph\">Para Herycson Willian , o f\u00f3rum representou uma oportunidade de aproximar ainda mais os produtores das informa\u00e7\u00f5es t\u00e9cnicas e, ao mesmo tempo, ouvir as necessidades da comunidade rural. Segundo ele, \u201ca iniciativa busca fortalecer o di\u00e1logo entre as institui\u00e7\u00f5es do agro e os trabalhadores do campo, permitindo a constru\u00e7\u00e3o de solu\u00e7\u00f5es capazes de elevar a qualidade e a produtividade das propriedades rurais do munic\u00edpio\u201d.<\/p>\n\n\n<div class=\"wp-block-image\">\n<figure class=\"aligncenter size-large\"><img loading=\"lazy\" decoding=\"async\" width=\"1024\" height=\"683\" src=\"https:\/\/faeac.org.br\/site\/wp-content\/uploads\/2026\/06\/CARLETE1-1024x683.jpg\" alt=\"\" class=\"wp-image-8638\" srcset=\"https:\/\/faeac.org.br\/site\/wp-content\/uploads\/2026\/06\/CARLETE1-1024x683.jpg 1024w, https:\/\/faeac.org.br\/site\/wp-content\/uploads\/2026\/06\/CARLETE1-300x200.jpg 300w, https:\/\/faeac.org.br\/site\/wp-content\/uploads\/2026\/06\/CARLETE1-768x512.jpg 768w, https:\/\/faeac.org.br\/site\/wp-content\/uploads\/2026\/06\/CARLETE1-1536x1024.jpg 1536w, https:\/\/faeac.org.br\/site\/wp-content\/uploads\/2026\/06\/CARLETE1-2048x1365.jpg 2048w, https:\/\/faeac.org.br\/site\/wp-content\/uploads\/2026\/06\/CARLETE1-600x400.jpg 600w, https:\/\/faeac.org.br\/site\/wp-content\/uploads\/2026\/06\/CARLETE1-560x373.jpg 560w\" sizes=\"(max-width: 1024px) 100vw, 1024px\" \/><\/figure>\n<\/div>\n\n\n<p class=\"has-black-color has-text-color has-link-color wp-elements-5 wp-block-paragraph\">A import\u00e2ncia da uni\u00e3o entre as institui\u00e7\u00f5es tamb\u00e9m foi destacada pela coordenadora do Programa de Mecaniza\u00e7\u00e3o Agr\u00edcola da Secretaria Municipal de Agricultura de Pl\u00e1cido de Castro, Carletti Pereira Machado. \u201cA secretaria mant\u00e9m uma rela\u00e7\u00e3o pr\u00f3xima com o sindicato rural, especialmente no atendimento aos agricultores familiares. Atualmente, o munic\u00edpio acompanha mais de 70 produtores da agricultura familiar e outros 42 produtores considerados m\u00e9dios, p\u00fablico que vem contribuindo diretamente para os resultados expressivos registrados na safra deste ano.\u201d<\/p>\n\n\n<div class=\"wp-block-image\">\n<figure class=\"aligncenter size-large\"><img loading=\"lazy\" decoding=\"async\" width=\"1024\" height=\"683\" src=\"https:\/\/faeac.org.br\/site\/wp-content\/uploads\/2026\/06\/JUDSON1-1024x683.jpg\" alt=\"\" class=\"wp-image-8639\" srcset=\"https:\/\/faeac.org.br\/site\/wp-content\/uploads\/2026\/06\/JUDSON1-1024x683.jpg 1024w, https:\/\/faeac.org.br\/site\/wp-content\/uploads\/2026\/06\/JUDSON1-300x200.jpg 300w, https:\/\/faeac.org.br\/site\/wp-content\/uploads\/2026\/06\/JUDSON1-768x512.jpg 768w, https:\/\/faeac.org.br\/site\/wp-content\/uploads\/2026\/06\/JUDSON1-1536x1024.jpg 1536w, https:\/\/faeac.org.br\/site\/wp-content\/uploads\/2026\/06\/JUDSON1-2048x1365.jpg 2048w, https:\/\/faeac.org.br\/site\/wp-content\/uploads\/2026\/06\/JUDSON1-600x400.jpg 600w, https:\/\/faeac.org.br\/site\/wp-content\/uploads\/2026\/06\/JUDSON1-560x373.jpg 560w\" sizes=\"(max-width: 1024px) 100vw, 1024px\" \/><\/figure>\n<\/div>\n\n\n<p class=\"has-black-color has-text-color has-link-color wp-elements-6 wp-block-paragraph\">Durante o evento, especialistas compartilharam informa\u00e7\u00f5es t\u00e9cnicas e perspectivas para o crescimento da cultura de gr\u00e3os no estado. O pesquisador da Embrapa e coordenador da C\u00e2mara T\u00e9cnica do Agroneg\u00f3cio do F\u00f3rum Empresarial, Judson Valentim, ressaltou a relev\u00e2ncia de promover debates diretamente nos munic\u00edpios, aproximando produtores, institui\u00e7\u00f5es e parceiros estrat\u00e9gicos.<\/p>\n\n\n\n<p class=\"has-black-color has-text-color has-link-color wp-elements-7 wp-block-paragraph\">Segundo ele, o Acre vive um momento promissor para o setor. \u201cNos \u00faltimos dez anos, a \u00e1rea cultivada com gr\u00e3os cresceu mais de 5.000%, alcan\u00e7ando atualmente entre 16 e 17 mil hectares de produ\u00e7\u00e3o. Para Judson, f\u00f3runs como este fortalecem a integra\u00e7\u00e3o entre os diversos atores da cadeia produtiva e contribuem para consolidar o crescimento sustent\u00e1vel da atividade no estado\u201d, destacou Valentim.<\/p>\n\n\n<div class=\"wp-block-image\">\n<figure class=\"aligncenter size-large\"><img loading=\"lazy\" decoding=\"async\" width=\"1024\" height=\"683\" src=\"https:\/\/faeac.org.br\/site\/wp-content\/uploads\/2026\/06\/ASSUERO1-1024x683.jpg\" alt=\"\" class=\"wp-image-8640\" srcset=\"https:\/\/faeac.org.br\/site\/wp-content\/uploads\/2026\/06\/ASSUERO1-1024x683.jpg 1024w, https:\/\/faeac.org.br\/site\/wp-content\/uploads\/2026\/06\/ASSUERO1-300x200.jpg 300w, https:\/\/faeac.org.br\/site\/wp-content\/uploads\/2026\/06\/ASSUERO1-768x512.jpg 768w, https:\/\/faeac.org.br\/site\/wp-content\/uploads\/2026\/06\/ASSUERO1-1536x1024.jpg 1536w, https:\/\/faeac.org.br\/site\/wp-content\/uploads\/2026\/06\/ASSUERO1-2048x1365.jpg 2048w, https:\/\/faeac.org.br\/site\/wp-content\/uploads\/2026\/06\/ASSUERO1-600x400.jpg 600w, https:\/\/faeac.org.br\/site\/wp-content\/uploads\/2026\/06\/ASSUERO1-560x373.jpg 560w\" sizes=\"(max-width: 1024px) 100vw, 1024px\" \/><\/figure>\n<\/div>\n\n\n<p class=\"has-black-color has-text-color has-link-color wp-elements-8 wp-block-paragraph\">A programa\u00e7\u00e3o tamb\u00e9m contou com palestras t\u00e9cnicas e uma mesa-redonda mediada pelo presidente da FAEAC, Assuero Veronez, promovendo um amplo debate sobre os desafios e as oportunidades para o desenvolvimento da produ\u00e7\u00e3o de gr\u00e3os no Acre. Ao avaliar o resultado do encontro, Assuero destacou que a iniciativa pode servir de modelo para outros munic\u00edpios acreanos. <\/p>\n\n\n<div class=\"wp-block-image\">\n<figure class=\"aligncenter size-large\"><img loading=\"lazy\" decoding=\"async\" width=\"1024\" height=\"683\" src=\"https:\/\/faeac.org.br\/site\/wp-content\/uploads\/2026\/06\/MESA_REDONDA1-1024x683.jpg\" alt=\"\" class=\"wp-image-8641\" srcset=\"https:\/\/faeac.org.br\/site\/wp-content\/uploads\/2026\/06\/MESA_REDONDA1-1024x683.jpg 1024w, https:\/\/faeac.org.br\/site\/wp-content\/uploads\/2026\/06\/MESA_REDONDA1-300x200.jpg 300w, https:\/\/faeac.org.br\/site\/wp-content\/uploads\/2026\/06\/MESA_REDONDA1-768x512.jpg 768w, https:\/\/faeac.org.br\/site\/wp-content\/uploads\/2026\/06\/MESA_REDONDA1-1536x1024.jpg 1536w, https:\/\/faeac.org.br\/site\/wp-content\/uploads\/2026\/06\/MESA_REDONDA1-2048x1365.jpg 2048w, https:\/\/faeac.org.br\/site\/wp-content\/uploads\/2026\/06\/MESA_REDONDA1-600x400.jpg 600w, https:\/\/faeac.org.br\/site\/wp-content\/uploads\/2026\/06\/MESA_REDONDA1-560x373.jpg 560w\" sizes=\"(max-width: 1024px) 100vw, 1024px\" \/><\/figure>\n<\/div>\n\n\n<p class=\"has-black-color has-text-color has-link-color wp-elements-9 wp-block-paragraph\">\u201cAl\u00e9m de aproximar os produtores do conhecimento t\u00e9cnico, o f\u00f3rum cumpriu um papel fundamental ao democratizar o acesso \u00e0 informa\u00e7\u00e3o e \u00e0s tecnologias que contribuem para o aumento da produtividade e para a gera\u00e7\u00e3o de mais oportunidades dentro das propriedades rurais\u201d, afirmou o presidente da FAEAC.<\/p>\n\n\n<div class=\"wp-block-image\">\n<figure class=\"aligncenter size-large\"><img loading=\"lazy\" decoding=\"async\" width=\"1024\" height=\"683\" src=\"https:\/\/faeac.org.br\/site\/wp-content\/uploads\/2026\/06\/JUNIOR1-1024x683.jpg\" alt=\"\" class=\"wp-image-8642\" srcset=\"https:\/\/faeac.org.br\/site\/wp-content\/uploads\/2026\/06\/JUNIOR1-1024x683.jpg 1024w, https:\/\/faeac.org.br\/site\/wp-content\/uploads\/2026\/06\/JUNIOR1-300x200.jpg 300w, https:\/\/faeac.org.br\/site\/wp-content\/uploads\/2026\/06\/JUNIOR1-768x512.jpg 768w, https:\/\/faeac.org.br\/site\/wp-content\/uploads\/2026\/06\/JUNIOR1-1536x1024.jpg 1536w, https:\/\/faeac.org.br\/site\/wp-content\/uploads\/2026\/06\/JUNIOR1-2048x1365.jpg 2048w, https:\/\/faeac.org.br\/site\/wp-content\/uploads\/2026\/06\/JUNIOR1-600x400.jpg 600w, https:\/\/faeac.org.br\/site\/wp-content\/uploads\/2026\/06\/JUNIOR1-560x373.jpg 560w\" sizes=\"(max-width: 1024px) 100vw, 1024px\" \/><\/figure>\n<\/div>\n\n\n<p class=\"has-black-color has-text-color has-link-color wp-elements-10 wp-block-paragraph\">O consultor t\u00e9cnico e palestrante J\u00fanior Amaral tamb\u00e9m refor\u00e7ou o potencial da cadeia produtiva de gr\u00e3os como vetor de desenvolvimento econ\u00f4mico para o Acre. Durante sua apresenta\u00e7\u00e3o, destacou que culturas como soja e milho t\u00eam impulsionado o crescimento de diversas regi\u00f5es do pa\u00eds e podem desempenhar papel semelhante no estado.<\/p>\n\n\n<div class=\"wp-block-image\">\n<figure class=\"aligncenter size-large\"><img loading=\"lazy\" decoding=\"async\" width=\"1024\" height=\"683\" src=\"https:\/\/faeac.org.br\/site\/wp-content\/uploads\/2026\/06\/FORUM2-1024x683.jpg\" alt=\"\" class=\"wp-image-8643\" srcset=\"https:\/\/faeac.org.br\/site\/wp-content\/uploads\/2026\/06\/FORUM2-1024x683.jpg 1024w, https:\/\/faeac.org.br\/site\/wp-content\/uploads\/2026\/06\/FORUM2-300x200.jpg 300w, https:\/\/faeac.org.br\/site\/wp-content\/uploads\/2026\/06\/FORUM2-768x512.jpg 768w, https:\/\/faeac.org.br\/site\/wp-content\/uploads\/2026\/06\/FORUM2-1536x1024.jpg 1536w, https:\/\/faeac.org.br\/site\/wp-content\/uploads\/2026\/06\/FORUM2-2048x1365.jpg 2048w, https:\/\/faeac.org.br\/site\/wp-content\/uploads\/2026\/06\/FORUM2-600x400.jpg 600w, https:\/\/faeac.org.br\/site\/wp-content\/uploads\/2026\/06\/FORUM2-560x373.jpg 560w\" sizes=\"(max-width: 1024px) 100vw, 1024px\" \/><\/figure>\n<\/div>\n\n\n<p class=\"has-black-color has-text-color has-link-color wp-elements-11 wp-block-paragraph\">\u201cO Acre re\u00fane condi\u00e7\u00f5es favor\u00e1veis para ampliar sua participa\u00e7\u00e3o no cen\u00e1rio nacional da produ\u00e7\u00e3o de gr\u00e3os, desde que haja alinhamento entre assist\u00eancia t\u00e9cnica, planejamento e estrat\u00e9gias voltadas ao fortalecimento dos produtores rurais\u201d, disse Amaral.<\/p>\n","protected":false},"excerpt":{"rendered":"<p>A safra 2026 entrou para a hist\u00f3ria de Pl\u00e1cido de Castro. Somente a agricultura familiar alcan\u00e7ou a marca de 12 mil sacas de milho colhidas e armazenadas, enquanto os m\u00e9dios produtores registraram uma produ\u00e7\u00e3o de 32 mil sacas. Os n\u00fameros foram apresentados durante o I F\u00f3rum T\u00e9cnico de Gr\u00e3os, realizado pela FAEAC, SENAR &#8211; AC [&hellip;]<\/p>\n","protected":false},"author":1,"featured_media":8634,"comment_status":"open","ping_status":"open","sticky":false,"template":"","format":"standard","meta":{"footnotes":""},"categories":[16,164,165,151,1,122,121],"tags":[],"class_list":["post-8633","post","type-post","status-publish","format-standard","has-post-thumbnail","hentry","category-faeac","category-forum-tecnico","category-graos","category-placido-de-castro","category-senar","category-senar-acre","category-sindicato-rural"],"_links":{"self":[{"href":"https:\/\/faeac.org.br\/site\/wp-json\/wp\/v2\/posts\/8633","targetHints":{"allow":["GET"]}}],"collection":[{"href":"https:\/\/faeac.org.br\/site\/wp-json\/wp\/v2\/posts"}],"about":[{"href":"https:\/\/faeac.org.br\/site\/wp-json\/wp\/v2\/types\/post"}],"author":[{"embeddable":true,"href":"https:\/\/faeac.org.br\/site\/wp-json\/wp\/v2\/users\/1"}],"replies":[{"embeddable":true,"href":"https:\/\/faeac.org.br\/site\/wp-json\/wp\/v2\/comments?post=8633"}],"version-history":[{"count":1,"href":"https:\/\/faeac.org.br\/site\/wp-json\/wp\/v2\/posts\/8633\/revisions"}],"predecessor-version":[{"id":8644,"href":"https:\/\/faeac.org.br\/site\/wp-json\/wp\/v2\/posts\/8633\/revisions\/8644"}],"wp:featuredmedia":[{"embeddable":true,"href":"https:\/\/faeac.org.br\/site\/wp-json\/wp\/v2\/media\/8634"}],"wp:attachment":[{"href":"https:\/\/faeac.org.br\/site\/wp-json\/wp\/v2\/media?parent=8633"}],"wp:term":[{"taxonomy":"category","embeddable":true,"href":"https:\/\/faeac.org.br\/site\/wp-json\/wp\/v2\/categories?post=8633"},{"taxonomy":"post_tag","embeddable":true,"href":"https:\/\/faeac.org.br\/site\/wp-json\/wp\/v2\/tags?post=8633"}],"curies":[{"name":"wp","href":"https:\/\/api.w.org\/{rel}","templated":true}]}}