{"id":8289,"date":"2025-09-19T14:24:24","date_gmt":"2025-09-19T19:24:24","guid":{"rendered":"https:\/\/faeac.org.br\/site\/?p=8289"},"modified":"2025-09-19T14:24:28","modified_gmt":"2025-09-19T19:24:28","slug":"senar-ac-abre-inscricoes-para-residencia-agropecuaria","status":"publish","type":"post","link":"https:\/\/faeac.org.br\/site\/senar-ac-abre-inscricoes-para-residencia-agropecuaria\/","title":{"rendered":"Senar &#8211; AC abre inscri\u00e7\u00f5es para Resid\u00eancia Agropecu\u00e1ria"},"content":{"rendered":"\n<figure class=\"wp-block-image size-large\"><img fetchpriority=\"high\" decoding=\"async\" width=\"1024\" height=\"731\" src=\"https:\/\/faeac.org.br\/site\/wp-content\/uploads\/2025\/09\/Copia-de-Carrossel-Pautas-CNA-Senar-1024x731.png\" alt=\"\" class=\"wp-image-8290\" srcset=\"https:\/\/faeac.org.br\/site\/wp-content\/uploads\/2025\/09\/Copia-de-Carrossel-Pautas-CNA-Senar-1024x731.png 1024w, https:\/\/faeac.org.br\/site\/wp-content\/uploads\/2025\/09\/Copia-de-Carrossel-Pautas-CNA-Senar-300x214.png 300w, https:\/\/faeac.org.br\/site\/wp-content\/uploads\/2025\/09\/Copia-de-Carrossel-Pautas-CNA-Senar-768x548.png 768w, https:\/\/faeac.org.br\/site\/wp-content\/uploads\/2025\/09\/Copia-de-Carrossel-Pautas-CNA-Senar-1536x1097.png 1536w, https:\/\/faeac.org.br\/site\/wp-content\/uploads\/2025\/09\/Copia-de-Carrossel-Pautas-CNA-Senar-2048x1463.png 2048w, https:\/\/faeac.org.br\/site\/wp-content\/uploads\/2025\/09\/Copia-de-Carrossel-Pautas-CNA-Senar-600x428.png 600w, https:\/\/faeac.org.br\/site\/wp-content\/uploads\/2025\/09\/Copia-de-Carrossel-Pautas-CNA-Senar-560x400.png 560w\" sizes=\"(max-width: 1024px) 100vw, 1024px\" \/><\/figure>\n\n\n\n<p class=\"has-black-color has-text-color has-link-color wp-elements-1 wp-block-paragraph\">O Servi\u00e7o Nacional de Aprendizagem Rural do Acre (Senar \u2013 AC) est\u00e1 com inscri\u00e7\u00f5es abertas para a Resid\u00eancia Agropecu\u00e1ria, iniciativa que busca capacitar profissionais rec\u00e9m-formados em Ci\u00eancias Agr\u00e1rias para atuar diretamente com os produtores atendidos pela Assist\u00eancia T\u00e9cnica e Gerencial (ATeG). <strong>O prazo segue at\u00e9 23h59 do dia 26 de setembro de 2025, no hor\u00e1rio oficial de Bras\u00edlia (hor\u00e1rio local Acre: 21h59). AS INSCRI\u00c7\u00d5ES S\u00c3O GRATUITAS<\/strong> <strong>e devem ser feitas exclusivamente pela internet, no endere\u00e7o <a href=\"http:\/\/cnabrasil.org.br\/Senar\/processo-seletivo\" data-type=\"link\" data-id=\"cnabrasil.org.br\/Senar\/processo-seletivo\" target=\"_blank\" rel=\"noreferrer noopener\">cnabrasil.org.br\/Senar\/processo-seletivo<\/a>.<\/strong><\/p>\n\n\n\n<p class=\"has-black-color has-text-color has-link-color wp-elements-2 wp-block-paragraph\"><strong>VAGAS DISPON\u00cdVEIS NO ACRE<\/strong><\/p>\n\n\n\n<p class=\"has-black-color has-text-color has-link-color wp-elements-3 wp-block-paragraph\">No estado, s\u00e3o oferecidas tr\u00eas vagas para n\u00edvel superior:<\/p>\n\n\n\n<p class=\"has-black-color has-text-color has-link-color wp-elements-4 wp-block-paragraph\"><strong>Cruzeiro do Sul<\/strong>: 1 vaga na \u00e1rea vegetal;<\/p>\n\n\n\n<p class=\"has-black-color has-text-color has-link-color wp-elements-5 wp-block-paragraph\"><strong>Rio Branco: <\/strong>1 vaga na \u00e1rea vegetal e 1 vaga na \u00e1rea animal.<\/p>\n\n\n\n<p class=\"has-black-color has-text-color has-link-color wp-elements-6 wp-block-paragraph\"><strong>PROPOSTA<\/strong><\/p>\n\n\n\n<p class=\"has-black-color has-text-color has-link-color wp-elements-7 wp-block-paragraph\">Oferecer uma viv\u00eancia estruturada que combina teoria, pr\u00e1tica e acompanhamento especializado, ampliando a efici\u00eancia e o impacto da ATeG em todo o pa\u00eds. Durante seis meses, os residentes atuar\u00e3o em regime de 40 horas semanais, recebendo acompanhamento t\u00e9cnico e desenvolvendo atividades diretamente no campo.<\/p>\n\n\n\n<p class=\"has-black-color has-text-color has-link-color wp-elements-8 wp-block-paragraph\"><strong>PR\u00c9-REQUISITOS<\/strong><\/p>\n\n\n\n<p class=\"has-black-color has-text-color has-link-color wp-elements-9 wp-block-paragraph\"><strong>Para participar, o candidato precisa:<\/strong><\/p>\n\n\n\n<p class=\"has-black-color has-text-color has-link-color wp-elements-10 wp-block-paragraph\">&#8211; Ser egresso de curso superior da \u00e1rea de Ci\u00eancias Agr\u00e1rias (Agronomia, Engenharia Agr\u00edcola, Zootecnia, Medicina Veterin\u00e1ria, Engenharia Florestal, Agroind\u00fastria, Engenharia de Alimentos, Ci\u00eancia de Alimentos, Engenharia de Pesca, entre outros);<\/p>\n\n\n\n<p class=\"has-black-color has-text-color has-link-color wp-elements-11 wp-block-paragraph\">&#8211; Ter conclu\u00eddo a gradua\u00e7\u00e3o entre setembro de 2023 e setembro de 2025;<\/p>\n\n\n\n<p class=\"has-black-color has-text-color has-link-color wp-elements-12 wp-block-paragraph\">&#8211; Ter disponibilidade para carga hor\u00e1ria de 40 horas semanais durante os seis meses do programa.<\/p>\n\n\n\n<p class=\"has-black-color has-text-color has-link-color wp-elements-13 wp-block-paragraph\"><strong>IMPACTO ESPERADO<\/strong><\/p>\n\n\n\n<p class=\"has-black-color has-text-color has-link-color wp-elements-14 wp-block-paragraph\">Segundo o Senar, a Resid\u00eancia Agropecu\u00e1ria atende duas frentes fundamentais: preparar profissionais mais alinhados \u00e0s demandas do campo e oferecer apoio qualificado aos produtores rurais, que passam a contar com t\u00e9cnicos mais capacitados para melhorar a gest\u00e3o e a produtividade de suas propriedades.<\/p>\n\n\n\n<p class=\"has-black-color has-vivid-green-cyan-background-color has-text-color has-background has-link-color wp-elements-15 wp-block-paragraph\"><strong>&#8211; Acesse o edital completo:<\/strong> <em><strong><a href=\"https:\/\/l1nq.com\/senaracresidagropec1\" target=\"_blank\" rel=\"noreferrer noopener\">https:\/\/l1nq.com\/senaracresidagropec1<\/a><\/strong><\/em><\/p>\n\n\n\n<p class=\"has-black-color has-vivid-green-cyan-background-color has-text-color has-background has-link-color wp-elements-16 wp-block-paragraph\"><strong>&#8211; Inscreva-se:<\/strong> <em><strong><a href=\"https:\/\/cnabrasil.selecao.net.br\/informacoes\/42\/\" target=\"_blank\" rel=\"noreferrer noopener\">https:\/\/cnabrasil.selecao.net.br\/informacoes\/42\/<\/a><\/strong><\/em><\/p>\n\n\n\n<p class=\"wp-block-paragraph\"><\/p>\n","protected":false},"excerpt":{"rendered":"<p>O Servi\u00e7o Nacional de Aprendizagem Rural do Acre (Senar \u2013 AC) est\u00e1 com inscri\u00e7\u00f5es abertas para a Resid\u00eancia Agropecu\u00e1ria, iniciativa que busca capacitar profissionais rec\u00e9m-formados em Ci\u00eancias Agr\u00e1rias para atuar diretamente com os produtores atendidos pela Assist\u00eancia T\u00e9cnica e Gerencial (ATeG). O prazo segue at\u00e9 23h59 do dia 26 de setembro de 2025, no hor\u00e1rio [&hellip;]<\/p>\n","protected":false},"author":1,"featured_media":8291,"comment_status":"open","ping_status":"open","sticky":false,"template":"","format":"standard","meta":{"footnotes":""},"categories":[1],"tags":[],"class_list":["post-8289","post","type-post","status-publish","format-standard","has-post-thumbnail","hentry","category-senar"],"_links":{"self":[{"href":"https:\/\/faeac.org.br\/site\/wp-json\/wp\/v2\/posts\/8289","targetHints":{"allow":["GET"]}}],"collection":[{"href":"https:\/\/faeac.org.br\/site\/wp-json\/wp\/v2\/posts"}],"about":[{"href":"https:\/\/faeac.org.br\/site\/wp-json\/wp\/v2\/types\/post"}],"author":[{"embeddable":true,"href":"https:\/\/faeac.org.br\/site\/wp-json\/wp\/v2\/users\/1"}],"replies":[{"embeddable":true,"href":"https:\/\/faeac.org.br\/site\/wp-json\/wp\/v2\/comments?post=8289"}],"version-history":[{"count":1,"href":"https:\/\/faeac.org.br\/site\/wp-json\/wp\/v2\/posts\/8289\/revisions"}],"predecessor-version":[{"id":8292,"href":"https:\/\/faeac.org.br\/site\/wp-json\/wp\/v2\/posts\/8289\/revisions\/8292"}],"wp:featuredmedia":[{"embeddable":true,"href":"https:\/\/faeac.org.br\/site\/wp-json\/wp\/v2\/media\/8291"}],"wp:attachment":[{"href":"https:\/\/faeac.org.br\/site\/wp-json\/wp\/v2\/media?parent=8289"}],"wp:term":[{"taxonomy":"category","embeddable":true,"href":"https:\/\/faeac.org.br\/site\/wp-json\/wp\/v2\/categories?post=8289"},{"taxonomy":"post_tag","embeddable":true,"href":"https:\/\/faeac.org.br\/site\/wp-json\/wp\/v2\/tags?post=8289"}],"curies":[{"name":"wp","href":"https:\/\/api.w.org\/{rel}","templated":true}]}}