{"id":7897,"date":"2025-04-07T12:28:36","date_gmt":"2025-04-07T17:28:36","guid":{"rendered":"https:\/\/faeac.org.br\/site\/?p=7897"},"modified":"2025-04-09T15:11:45","modified_gmt":"2025-04-09T20:11:45","slug":"instrutores-do-senar-acre-participam-de-treinamento-metodologico","status":"publish","type":"post","link":"https:\/\/faeac.org.br\/site\/?p=7897","title":{"rendered":"Instrutores do Senar Acre participam de Treinamento Metodol\u00f3gico"},"content":{"rendered":"\n<p class=\"has-black-color has-text-color has-link-color wp-elements-7e3a13c87a44c79afa830b4628e74d07\">O Servi\u00e7o Nacional de Aprendizagem Rural (Senar) Acre promoveu na \u00faltima quinta-feira (3 de abril), no pr\u00e9dio institucional, o Treinamento Metodol\u00f3gico para Instrutores, um evento essencial para fortalecer a qualidade do ensino oferecido pela institui\u00e7\u00e3o. O encontro foi realizado com a presen\u00e7a de profissionais que desempenham um papel fundamental na qualifica\u00e7\u00e3o de trabalhadores e produtores rurais no estado.<\/p>\n\n\n\n<figure class=\"wp-block-image\"><img decoding=\"async\" src=\"https:\/\/www.cnabrasil.org.br\/storage\/arquivos\/foto1_2025-04-05-164443_zfrz.jpg\" alt=\"Foto1\" title=\"Foto1\"\/><\/figure>\n\n\n\n<p class=\"has-text-align-center\"><strong><em>Equipe institucional participou do evento. foto: Ascom<\/em><\/strong><\/p>\n\n\n\n<p>Com uma programa\u00e7\u00e3o intensiva ao longo do dia, o treinamento abordou novas metodologias de ensino, estrat\u00e9gias did\u00e1ticas e pr\u00e1ticas pedag\u00f3gicas inovadoras, garantindo que os instrutores estejam preparados para atender \u00e0s demandas do setor rural com excel\u00eancia.<\/p>\n\n\n\n<figure class=\"wp-block-image\"><img decoding=\"async\" src=\"https:\/\/www.cnabrasil.org.br\/storage\/arquivos\/foto2_2025-04-05-164437_olhf.jpg\" alt=\"Foto2\" title=\"Foto2\"\/><\/figure>\n\n\n\n<p class=\"has-text-align-center\"><strong><em>&nbsp;M\u00e1rcia Cristina Freire, gerente t\u00e9cnica do Senar &#8211; Acre. foto: Ascom<\/em><\/strong><\/p>\n\n\n\n<p>De acordo com a gerente t\u00e9cnica do Senar \u2013 Acre, M\u00e1rcia Cristina Freire, capacita\u00e7\u00f5es como essa s\u00e3o fundamentais para manter a qualidade do ensino e assegurar que os cursos oferecidos pela institui\u00e7\u00e3o tenham impacto real na vida dos trabalhadores do campo. &#8220;Nosso objetivo \u00e9 levar conhecimento e desenvolvimento ao meio rural, e isso come\u00e7a com a prepara\u00e7\u00e3o dos nossos instrutores&#8221;, destaca a organiza\u00e7\u00e3o.<\/p>\n\n\n\n<figure class=\"wp-block-image\"><img decoding=\"async\" src=\"https:\/\/www.cnabrasil.org.br\/storage\/arquivos\/foto3_2025-04-05-164430_sqga.jpg\" alt=\"Foto3\" title=\"Foto3\"\/><\/figure>\n\n\n\n<p class=\"has-text-align-center\"><strong><em>Evento foi pensado para aprimorar ainda mais a instrutoria. Foto: Ascom<\/em><\/strong><\/p>\n\n\n\n<p class=\"has-vivid-green-cyan-background-color has-background\">\u201cO Acre \u00e9 uma pot\u00eancia, todos que est\u00e3o aqui, inclusive eu, acreditam nisso. Sempre fa\u00e7o quest\u00e3o de participar dessa eleva\u00e7\u00e3o do nosso estado. Vamos mostrar a for\u00e7a do agroneg\u00f3cio acreano.\u201d \u2013 Fernanda Rezende, instrutora do Senar \u2013 AC&nbsp;<\/p>\n\n\n\n<figure class=\"wp-block-image\"><img decoding=\"async\" src=\"https:\/\/www.cnabrasil.org.br\/storage\/arquivos\/foto4_2025-04-05-164423_safj.jpg\" alt=\"Foto4\" title=\"Foto4\"\/><\/figure>\n\n\n\n<p class=\"has-text-align-center\"><strong><em>Marilza da Cruz Pereira, instrutora do Senar h\u00e1 15 anos. Foto: Ascom<\/em><\/strong><\/p>\n\n\n\n<p class=\"has-vivid-green-cyan-background-color has-background\">\u201cA gente procura sempre estar atualizado. O Senar tem sido respons\u00e1vel por manter os instrutores bem informados e capacitados para executar o melhor trabalho no campo. O Senar foi e continua sendo uma verdadeira escola.\u201d \u2013 Marilza da Cruz Pereira, instrutora com 15 anos de atua\u00e7\u00e3o nos cursos do Senar \u2013 AC&nbsp;<\/p>\n","protected":false},"excerpt":{"rendered":"<p>O Servi\u00e7o Nacional de Aprendizagem Rural (Senar) Acre promoveu na \u00faltima quinta-feira (3 de abril), no pr\u00e9dio institucional, o Treinamento Metodol\u00f3gico para Instrutores, um evento essencial para fortalecer a qualidade do ensino oferecido pela institui\u00e7\u00e3o. O encontro foi realizado com a presen\u00e7a de profissionais que desempenham um papel fundamental na qualifica\u00e7\u00e3o de trabalhadores e produtores [&hellip;]<\/p>\n","protected":false},"author":1,"featured_media":7898,"comment_status":"open","ping_status":"open","sticky":false,"template":"","format":"standard","meta":{"footnotes":""},"categories":[19],"tags":[],"class_list":["post-7897","post","type-post","status-publish","format-standard","has-post-thumbnail","hentry","category-capacitacoes"],"_links":{"self":[{"href":"https:\/\/faeac.org.br\/site\/index.php?rest_route=\/wp\/v2\/posts\/7897","targetHints":{"allow":["GET"]}}],"collection":[{"href":"https:\/\/faeac.org.br\/site\/index.php?rest_route=\/wp\/v2\/posts"}],"about":[{"href":"https:\/\/faeac.org.br\/site\/index.php?rest_route=\/wp\/v2\/types\/post"}],"author":[{"embeddable":true,"href":"https:\/\/faeac.org.br\/site\/index.php?rest_route=\/wp\/v2\/users\/1"}],"replies":[{"embeddable":true,"href":"https:\/\/faeac.org.br\/site\/index.php?rest_route=%2Fwp%2Fv2%2Fcomments&post=7897"}],"version-history":[{"count":1,"href":"https:\/\/faeac.org.br\/site\/index.php?rest_route=\/wp\/v2\/posts\/7897\/revisions"}],"predecessor-version":[{"id":7899,"href":"https:\/\/faeac.org.br\/site\/index.php?rest_route=\/wp\/v2\/posts\/7897\/revisions\/7899"}],"wp:featuredmedia":[{"embeddable":true,"href":"https:\/\/faeac.org.br\/site\/index.php?rest_route=\/wp\/v2\/media\/7898"}],"wp:attachment":[{"href":"https:\/\/faeac.org.br\/site\/index.php?rest_route=%2Fwp%2Fv2%2Fmedia&parent=7897"}],"wp:term":[{"taxonomy":"category","embeddable":true,"href":"https:\/\/faeac.org.br\/site\/index.php?rest_route=%2Fwp%2Fv2%2Fcategories&post=7897"},{"taxonomy":"post_tag","embeddable":true,"href":"https:\/\/faeac.org.br\/site\/index.php?rest_route=%2Fwp%2Fv2%2Ftags&post=7897"}],"curies":[{"name":"wp","href":"https:\/\/api.w.org\/{rel}","templated":true}]}}