{"id":7041,"date":"2023-10-28T13:42:17","date_gmt":"2023-10-28T18:42:17","guid":{"rendered":"https:\/\/faeac.org.br\/site\/?p=7041"},"modified":"2023-10-28T15:42:26","modified_gmt":"2023-10-28T20:42:26","slug":"produtores-atendidos-pelo-senar-ac-sao-premiados-em-concurso-de-cafe-estadual","status":"publish","type":"post","link":"https:\/\/faeac.org.br\/site\/?p=7041","title":{"rendered":"Produtores atendidos pelo Senar \u2013 AC s\u00e3o premiados em concurso de caf\u00e9 estadual"},"content":{"rendered":"\t\t<div data-elementor-type=\"wp-post\" data-elementor-id=\"7041\" class=\"elementor elementor-7041\" data-elementor-post-type=\"post\">\n\t\t\t\t\t\t<section class=\"has_eae_slider elementor-section elementor-top-section elementor-element elementor-element-6ae5995b elementor-section-boxed elementor-section-height-default elementor-section-height-default\" data-id=\"6ae5995b\" data-element_type=\"section\">\n\t\t\t\t\t\t<div class=\"elementor-container elementor-column-gap-default\">\n\t\t\t\t\t<div class=\"has_eae_slider elementor-column elementor-col-100 elementor-top-column elementor-element elementor-element-59091444\" data-id=\"59091444\" data-element_type=\"column\">\n\t\t\t<div class=\"elementor-widget-wrap elementor-element-populated\">\n\t\t\t\t\t\t<div class=\"elementor-element elementor-element-5fb7cd75 elementor-widget elementor-widget-text-editor\" data-id=\"5fb7cd75\" data-element_type=\"widget\" data-widget_type=\"text-editor.default\">\n\t\t\t\t<div class=\"elementor-widget-container\">\n\t\t\t\t\t\t\t<p><span style=\"color: #000000;\"><!-- wp:paragraph --><\/span><\/p>\n<p><img fetchpriority=\"high\" decoding=\"async\" class=\"size-full wp-image-7042 aligncenter\" src=\"https:\/\/faeac.org.br\/site\/wp-content\/uploads\/2023\/10\/qualicafe11.jpg\" alt=\"\" width=\"1024\" height=\"576\" srcset=\"https:\/\/faeac.org.br\/site\/wp-content\/uploads\/2023\/10\/qualicafe11.jpg 1024w, https:\/\/faeac.org.br\/site\/wp-content\/uploads\/2023\/10\/qualicafe11-300x169.jpg 300w, https:\/\/faeac.org.br\/site\/wp-content\/uploads\/2023\/10\/qualicafe11-768x432.jpg 768w, https:\/\/faeac.org.br\/site\/wp-content\/uploads\/2023\/10\/qualicafe11-600x338.jpg 600w, https:\/\/faeac.org.br\/site\/wp-content\/uploads\/2023\/10\/qualicafe11-560x315.jpg 560w\" sizes=\"(max-width: 1024px) 100vw, 1024px\" \/><\/p>\n<p><span style=\"color: #000000;\">O sucesso da Assist\u00eancia T\u00e9cnica e Gerencial (ATeG) ofertada gratuitamente pelo Servi\u00e7o Nacional de Aprendizagem Rural (Senar \u2013 Acre) ficou em evid\u00eancia na \u00faltima sexta (27). Foi realizado no Centro da capital acreana, em frente ao Pal\u00e1cio do Governo do Estado, a cerim\u00f4nia de premia\u00e7\u00e3o do 1\u00ba QualiCaf\u00e9, premia\u00e7\u00e3o que destacou a qualidade do caf\u00e9 robusta cultivado em oito munic\u00edpios do Acre.<\/span><\/p>\n<p><img decoding=\"async\" class=\"size-full wp-image-7047 aligncenter\" src=\"https:\/\/faeac.org.br\/site\/wp-content\/uploads\/2023\/10\/qualicafe12.jpg\" alt=\"\" width=\"1024\" height=\"576\" srcset=\"https:\/\/faeac.org.br\/site\/wp-content\/uploads\/2023\/10\/qualicafe12.jpg 1024w, https:\/\/faeac.org.br\/site\/wp-content\/uploads\/2023\/10\/qualicafe12-300x169.jpg 300w, https:\/\/faeac.org.br\/site\/wp-content\/uploads\/2023\/10\/qualicafe12-768x432.jpg 768w, https:\/\/faeac.org.br\/site\/wp-content\/uploads\/2023\/10\/qualicafe12-600x338.jpg 600w, https:\/\/faeac.org.br\/site\/wp-content\/uploads\/2023\/10\/qualicafe12-560x315.jpg 560w\" sizes=\"(max-width: 1024px) 100vw, 1024px\" \/><\/p>\n<p><span style=\"color: #000000;\"><!-- \/wp:paragraph --><!-- wp:paragraph {\"textColor\":\"black\"} --><\/span><\/p>\n<p class=\"has-black-color has-text-color\"><span style=\"color: #000000;\">O concurso foi promovido pelo Governo do Acre com apoio de diversos parceiros do agro, e teve premia\u00e7\u00e3o que totalizou R$ 200 mil distribu\u00eddos para os cinco vencedores. Destes, tr\u00eas s\u00e3o produtores rurais atendidos pelo Senar nos munic\u00edpios de Acrel\u00e2ndia e Cruzeiro do Sul \u2013 s\u00e3o eles:<\/span><\/p>\n<p><img decoding=\"async\" class=\"size-full wp-image-7045 aligncenter\" src=\"https:\/\/faeac.org.br\/site\/wp-content\/uploads\/2023\/10\/qualicafe13.jpg\" alt=\"\" width=\"1024\" height=\"576\" srcset=\"https:\/\/faeac.org.br\/site\/wp-content\/uploads\/2023\/10\/qualicafe13.jpg 1024w, https:\/\/faeac.org.br\/site\/wp-content\/uploads\/2023\/10\/qualicafe13-300x169.jpg 300w, https:\/\/faeac.org.br\/site\/wp-content\/uploads\/2023\/10\/qualicafe13-768x432.jpg 768w, https:\/\/faeac.org.br\/site\/wp-content\/uploads\/2023\/10\/qualicafe13-600x338.jpg 600w, https:\/\/faeac.org.br\/site\/wp-content\/uploads\/2023\/10\/qualicafe13-560x315.jpg 560w\" sizes=\"(max-width: 1024px) 100vw, 1024px\" \/><\/p>\n<p><span style=\"color: #000000;\"><!-- \/wp:paragraph --><!-- wp:paragraph {\"textColor\":\"black\"} --><\/span><\/p>\n<p class=\"has-black-color has-text-color\"><span style=\"color: #000000;\"><strong>Vanderlei Lara, do munic\u00edpio de Acrel\u00e2ndia (2\u00ba lugar) \/ premia\u00e7\u00e3o de R$ 10.833,00 <\/strong>\u2013 Caf\u00e9 descrito como: Floral, Framboesa, Bombom De Cereja, Doce De Jaca, Baunilha, Vinho, Licoroso, Amadeirar Retrogosto Curto<\/span><\/p>\n<p><span style=\"color: #000000;\"><!-- \/wp:paragraph --><!-- wp:paragraph {\"textColor\":\"black\"} --><\/span><\/p>\n<p class=\"has-black-color has-text-color\"><span style=\"color: #000000;\"><em>\u201cSem a assist\u00eancia t\u00e9cnica, n\u00e3o conseguir\u00edamos chegar at\u00e9 onde estamos agora. Com o pr\u00eamio, vamos investir ainda mais em nossa propriedade, \u00e9 uma satisfa\u00e7\u00e3o poder estar sendo prestigiado pelo governo do Estado com apoio do Senar.\u201d<\/em><\/span><\/p>\n<p><img loading=\"lazy\" decoding=\"async\" class=\"size-full wp-image-7046 aligncenter\" src=\"https:\/\/faeac.org.br\/site\/wp-content\/uploads\/2023\/10\/qualicafe14.jpg\" alt=\"\" width=\"1024\" height=\"576\" srcset=\"https:\/\/faeac.org.br\/site\/wp-content\/uploads\/2023\/10\/qualicafe14.jpg 1024w, https:\/\/faeac.org.br\/site\/wp-content\/uploads\/2023\/10\/qualicafe14-300x169.jpg 300w, https:\/\/faeac.org.br\/site\/wp-content\/uploads\/2023\/10\/qualicafe14-768x432.jpg 768w, https:\/\/faeac.org.br\/site\/wp-content\/uploads\/2023\/10\/qualicafe14-600x338.jpg 600w, https:\/\/faeac.org.br\/site\/wp-content\/uploads\/2023\/10\/qualicafe14-560x315.jpg 560w\" sizes=\"(max-width: 1024px) 100vw, 1024px\" \/><\/p>\n<p><span style=\"color: #000000;\"><!-- \/wp:paragraph --><!-- wp:paragraph {\"textColor\":\"black\"} --><\/span><\/p>\n<p class=\"has-black-color has-text-color\"><span style=\"color: #000000;\"><strong>Celso Timpurim Caffer, do munic\u00edpio de Acrel\u00e2ndia (3\u00ba lugar) \/ premia\u00e7\u00e3o de R$ 10.500,00 <\/strong>\u2013 Caf\u00e9 descrito como: Nozes, Caramelo, Amandita, Chocolate Ao Leite, Frutas Amarelas, Lima, Limpo, Equilibrado<\/span><\/p>\n<p><span style=\"color: #000000;\"><!-- \/wp:paragraph --><!-- wp:paragraph {\"textColor\":\"black\"} --><\/span><\/p>\n<p class=\"has-black-color has-text-color\"><span style=\"color: #000000;\"><em>\u201cSou cafeicultor h\u00e1 mais de 40 anos, desde crian\u00e7a me lembro mexendo com o caf\u00e9. Nessa empreitada eu n\u00e3o tinha assist\u00eancia t\u00e9cnica, mas gra\u00e7as a Deus conseguimos o atendimento da ATeG, e se hoje estou ganhando um pr\u00eamio de terceiro lugar, s\u00f3 tenho a agradecer ao Senar e ao Sebrae por esse momento. \u00c9 uma honra poder fazer parte da ATeG e da parceria de sucesso Senar\/Sebrae.\u201d<\/em><\/span><\/p>\n<p><img loading=\"lazy\" decoding=\"async\" class=\"size-full wp-image-7044 aligncenter\" src=\"https:\/\/faeac.org.br\/site\/wp-content\/uploads\/2023\/10\/qualicafe15.jpg\" alt=\"\" width=\"1024\" height=\"576\" srcset=\"https:\/\/faeac.org.br\/site\/wp-content\/uploads\/2023\/10\/qualicafe15.jpg 1024w, https:\/\/faeac.org.br\/site\/wp-content\/uploads\/2023\/10\/qualicafe15-300x169.jpg 300w, https:\/\/faeac.org.br\/site\/wp-content\/uploads\/2023\/10\/qualicafe15-768x432.jpg 768w, https:\/\/faeac.org.br\/site\/wp-content\/uploads\/2023\/10\/qualicafe15-600x338.jpg 600w, https:\/\/faeac.org.br\/site\/wp-content\/uploads\/2023\/10\/qualicafe15-560x315.jpg 560w\" sizes=\"(max-width: 1024px) 100vw, 1024px\" \/><\/p>\n<p><span style=\"color: #000000;\"><!-- \/wp:paragraph --><!-- wp:paragraph {\"textColor\":\"black\"} --><\/span><\/p>\n<p class=\"has-black-color has-text-color\"><span style=\"color: #000000;\"><strong>Gidenilson Feliciano de Jesus, do munic\u00edpio de Cruzeiro do Sul (4\u00ba lugar) \/ premia\u00e7\u00e3o de R$ 10.050,00 <\/strong>\u2013 Caf\u00e9 descrito como: Floral, Chocolate, Caramelo, Malte, Frutas Passas, Especiarias, Limpo, Doce, Acidez Equilibrada<\/span><\/p>\n<p><span style=\"color: #000000;\"><!-- \/wp:paragraph --><!-- wp:paragraph {\"textColor\":\"black\"} --><\/span><\/p>\n<p class=\"has-black-color has-text-color\"><span style=\"color: #000000;\"><em>\u201cEu trabalhava como operador de m\u00e1quinas, na zona rural mesmo, e h\u00e1 tr\u00eas anos decidi trocar de \u00e1rea e investir na cafeicultura. Entrar na ATeG mudou completamente as coisas para melhor, e os t\u00e9cnicos de campo fazem um trabalho maravilhoso. Fa\u00e7a chuva ou fa\u00e7a sol, eles est\u00e3o nos ajudando todo m\u00eas.\u201d<\/em><\/span><\/p>\n<p><span style=\"color: #000000;\"><!-- \/wp:paragraph --><!-- wp:paragraph {\"textColor\":\"black\"} --><\/span><\/p>\n<p class=\"has-black-color has-text-color\"><span style=\"color: #000000;\">Sobre as conquistas, o superintendente do Senar \u2013 AC, Mauro Marcello Gomes de Oliveira, destacou a import\u00e2ncia de uma equipe empenhada em fazer o agroneg\u00f3cio crescer em quantidade e qualidade.<\/span><\/p>\n<p><img loading=\"lazy\" decoding=\"async\" class=\"size-full wp-image-7048 aligncenter\" src=\"https:\/\/faeac.org.br\/site\/wp-content\/uploads\/2023\/10\/qualicafe16.jpg\" alt=\"\" width=\"1024\" height=\"576\" srcset=\"https:\/\/faeac.org.br\/site\/wp-content\/uploads\/2023\/10\/qualicafe16.jpg 1024w, https:\/\/faeac.org.br\/site\/wp-content\/uploads\/2023\/10\/qualicafe16-300x169.jpg 300w, https:\/\/faeac.org.br\/site\/wp-content\/uploads\/2023\/10\/qualicafe16-768x432.jpg 768w, https:\/\/faeac.org.br\/site\/wp-content\/uploads\/2023\/10\/qualicafe16-600x338.jpg 600w, https:\/\/faeac.org.br\/site\/wp-content\/uploads\/2023\/10\/qualicafe16-560x315.jpg 560w\" sizes=\"(max-width: 1024px) 100vw, 1024px\" \/><\/p>\n<p><span style=\"color: #000000;\"><!-- \/wp:paragraph --><!-- wp:paragraph {\"textColor\":\"black\"} --><\/span><\/p>\n<p class=\"has-black-color has-text-color\"><span style=\"color: #000000;\"><em>\u201cO Sistema Faeac\/Senar\/Sindicatos e seus parceiros institucionais entendem que o caf\u00e9 \u00e9 uma das grandes cadeias produtivas do Acre. Para os pequenos e m\u00e9dios produtores \u00e9 o que vai fazer com que haja um salto na produ\u00e7\u00e3o e na renda. O Senar tem incentivado essa cadeia principalmente atrav\u00e9s da ATeG Cafeicultura, e isso se comprova nesta premia\u00e7\u00e3o: dos dez finalistas, seis s\u00e3o atendidos pelo Senar \u2013 e dentro das premia\u00e7\u00f5es em dinheiro, tr\u00eas produtores \u00a0atendidos pela ATeG conquistaram a honraria. Vale destacar tamb\u00e9m que o esfor\u00e7o \u00e9 coletivo: sem equipe, nenhuma institui\u00e7\u00e3o consegue fazer a diferen\u00e7a, ent\u00e3o temos uma equipe dedicada aqui na capital para fazer com que os melhores profissionais e o melhor atendimento cheguem nas zonas rurais do Acre.\u201d <\/em><strong>\u2013 Mauro Marcello Gomes de Oliveira<\/strong><\/span><\/p>\n<p><span style=\"color: #000000;\"><!-- \/wp:paragraph --><!-- wp:paragraph {\"textColor\":\"black\"} --><\/span><\/p>\n<p class=\"has-black-color has-text-color\"><span style=\"color: #000000;\"><em>\u201cTive receio no come\u00e7o dos atendimentos, mas depois foi s\u00f3 evolu\u00e7\u00e3o. A maioria dos produtores permaneceu no atendimento, e em apenas um ano j\u00e1 conseguimos ver uma evolu\u00e7\u00e3o tremenda, com aumento consider\u00e1vel de produ\u00e7\u00e3o (quantidade geral) e produtividade (produ\u00e7\u00e3o por hectare). A lucratividade vem logo em seguida, comprovando que a cadeia produtiva do caf\u00e9 vem crescendo e se destacando cada vez mais nos planos do agroneg\u00f3cio acreano.\u201d<\/em> <strong>\u2013 Josilene<\/strong> <strong>Ferreira Rocha, engenheira agr\u00f4noma e t\u00e9cnica de campo do Senar \u2013 AC<\/strong><\/span><\/p>\n<p><span style=\"color: #000000;\"><!-- \/wp:paragraph --><\/span><\/p>\t\t\t\t\t\t<\/div>\n\t\t\t\t<\/div>\n\t\t\t\t\t<\/div>\n\t\t<\/div>\n\t\t\t\t\t<\/div>\n\t\t<\/section>\n\t\t\t\t<\/div>\n\t\t","protected":false},"excerpt":{"rendered":"<p>O sucesso da Assist\u00eancia T\u00e9cnica e Gerencial (ATeG) ofertada gratuitamente pelo Servi\u00e7o Nacional de Aprendizagem Rural (Senar \u2013 Acre) ficou em evid\u00eancia na \u00faltima sexta (27). Foi realizado no Centro da capital acreana, em frente ao Pal\u00e1cio do Governo do Estado, a cerim\u00f4nia de premia\u00e7\u00e3o do 1\u00ba QualiCaf\u00e9, premia\u00e7\u00e3o que destacou a qualidade do caf\u00e9 [&hellip;]<\/p>\n","protected":false},"author":1,"featured_media":7042,"comment_status":"open","ping_status":"open","sticky":false,"template":"","format":"standard","meta":{"footnotes":""},"categories":[107,112,1],"tags":[],"class_list":["post-7041","post","type-post","status-publish","format-standard","has-post-thumbnail","hentry","category-ateg","category-cafeicultura","category-senar"],"_links":{"self":[{"href":"https:\/\/faeac.org.br\/site\/index.php?rest_route=\/wp\/v2\/posts\/7041","targetHints":{"allow":["GET"]}}],"collection":[{"href":"https:\/\/faeac.org.br\/site\/index.php?rest_route=\/wp\/v2\/posts"}],"about":[{"href":"https:\/\/faeac.org.br\/site\/index.php?rest_route=\/wp\/v2\/types\/post"}],"author":[{"embeddable":true,"href":"https:\/\/faeac.org.br\/site\/index.php?rest_route=\/wp\/v2\/users\/1"}],"replies":[{"embeddable":true,"href":"https:\/\/faeac.org.br\/site\/index.php?rest_route=%2Fwp%2Fv2%2Fcomments&post=7041"}],"version-history":[{"count":4,"href":"https:\/\/faeac.org.br\/site\/index.php?rest_route=\/wp\/v2\/posts\/7041\/revisions"}],"predecessor-version":[{"id":7051,"href":"https:\/\/faeac.org.br\/site\/index.php?rest_route=\/wp\/v2\/posts\/7041\/revisions\/7051"}],"wp:featuredmedia":[{"embeddable":true,"href":"https:\/\/faeac.org.br\/site\/index.php?rest_route=\/wp\/v2\/media\/7042"}],"wp:attachment":[{"href":"https:\/\/faeac.org.br\/site\/index.php?rest_route=%2Fwp%2Fv2%2Fmedia&parent=7041"}],"wp:term":[{"taxonomy":"category","embeddable":true,"href":"https:\/\/faeac.org.br\/site\/index.php?rest_route=%2Fwp%2Fv2%2Fcategories&post=7041"},{"taxonomy":"post_tag","embeddable":true,"href":"https:\/\/faeac.org.br\/site\/index.php?rest_route=%2Fwp%2Fv2%2Ftags&post=7041"}],"curies":[{"name":"wp","href":"https:\/\/api.w.org\/{rel}","templated":true}]}}